{"id":1639,"date":"2016-07-01T17:24:43","date_gmt":"2016-07-01T15:24:43","guid":{"rendered":"http:\/\/nataliamartinlago.com\/?p=1639"},"modified":"2024-05-13T15:39:51","modified_gmt":"2024-05-13T13:39:51","slug":"playas-sin-colillas-praias-sen-cabichas","status":"publish","type":"post","link":"https:\/\/nataliamartinlago.com\/index.php\/playas-sin-colillas-praias-sen-cabichas\/","title":{"rendered":"Playas sin Colillas \u00b7 Praias sen Cabichas"},"content":{"rendered":"\n<p><strong>Hoy ha dado comienzo en las Islas C\u00edes un proyecto de concienciaci\u00f3n ambiental del &#8220;Parque Nacional Mar\u00edtimo-Terrestre das Illas Atl\u00e1nticas de Galicia&#8221; organizado por Juan Pablo P\u00e9rez G\u00f3mez. Una iniciativa que nace con un objetivo claro: mantener las playas del parque limpias de colillas.<\/strong><\/p>\n\n\n\n<figure class=\"wp-block-image alignleft is-style-default\"><a href=\"http:\/\/nataliamartinlago.com\/wp-content\/uploads\/2016\/07\/PRAIASENcabichas24.gif\" rel=\"attachment wp-att-1688\"><img fetchpriority=\"high\" decoding=\"async\" width=\"500\" height=\"343\" src=\"http:\/\/nataliamartinlago.com\/wp-content\/uploads\/2016\/07\/PRAIASENcabichas24.gif\" alt=\"PRAIASENcabichas24\" class=\"wp-image-1688\"\/><\/a><figcaption class=\"wp-element-caption\">Cono-Cenicero, pasos para un montaje f\u00e1cil<\/figcaption><\/figure>\n\n\n\n<p>Para este fin se planteo la idea de crear un cenicero desechable, con un formato pr\u00e1ctico y manejable que permitiese a cualquier montarlo en un instante. Este elemento, el eje centrar del proyecto, se dise\u00f1\u00f3 con una doble utilidad, tanto para utilizar para difundir el mensaje y concienciar, como para contener las colillas evitando as\u00ed que fueran a parar a las playas, contaminando nuestras costas.<\/p>\n\n\n\n<p>A partir de esta premisa se comenz\u00f3 con el desarrollo de la Imagen Corporativa, seguida de toda la l\u00ednea de comunicaci\u00f3n. Un proyecto coherente, conexo y con un mensaje de concienciaci\u00f3n que comparto y apoyo.<\/p>\n\n\n\n<p><strong>\u201cUtilizando nuestros cenicero ayudar\u00e1s a preservar la naturaleza y cuidar nuestras playas\u201d<\/strong><\/p>\n\n\n\n<p>M\u00e1s informaci\u00f3n en el Facebook de <a href=\"http:\/\/www.facebook.com\/praiassencabichas\/\" target=\"_blank\" rel=\"noopener\">praiassencabichas<\/a><\/p>\n\n\n\n<figure class=\"wp-block-image alignleft is-style-default\"><a href=\"http:\/\/nataliamartinlago.com\/wp-content\/uploads\/2016\/06\/PRAIASENcabichas03.jpg\" rel=\"attachment wp-att-1643\"><img decoding=\"async\" width=\"902\" height=\"377\" src=\"http:\/\/nataliamartinlago.com\/wp-content\/uploads\/2016\/06\/PRAIASENcabichas03.jpg\" alt=\"PRAIASENcabichas03\" class=\"wp-image-1643\" srcset=\"https:\/\/nataliamartinlago.com\/wp-content\/uploads\/2016\/06\/PRAIASENcabichas03.jpg 902w, https:\/\/nataliamartinlago.com\/wp-content\/uploads\/2016\/06\/PRAIASENcabichas03-300x125.jpg 300w, https:\/\/nataliamartinlago.com\/wp-content\/uploads\/2016\/06\/PRAIASENcabichas03-768x321.jpg 768w\" sizes=\"(max-width: 902px) 100vw, 902px\" \/><\/a><\/figure>\n\n\n\n<figure class=\"wp-block-image alignleft is-style-default\"><a href=\"http:\/\/nataliamartinlago.com\/wp-content\/uploads\/2016\/06\/PRAIASENcabichas06.jpg\" rel=\"attachment wp-att-1646\"><img decoding=\"async\" width=\"902\" height=\"377\" src=\"http:\/\/nataliamartinlago.com\/wp-content\/uploads\/2016\/06\/PRAIASENcabichas06.jpg\" alt=\"PRAIASENcabichas06\" class=\"wp-image-1646\" srcset=\"https:\/\/nataliamartinlago.com\/wp-content\/uploads\/2016\/06\/PRAIASENcabichas06.jpg 902w, https:\/\/nataliamartinlago.com\/wp-content\/uploads\/2016\/06\/PRAIASENcabichas06-300x125.jpg 300w, https:\/\/nataliamartinlago.com\/wp-content\/uploads\/2016\/06\/PRAIASENcabichas06-768x321.jpg 768w\" sizes=\"(max-width: 902px) 100vw, 902px\" \/><\/a><\/figure>\n\n\n\n<figure class=\"wp-block-image alignleft is-style-default\"><a href=\"http:\/\/nataliamartinlago.com\/wp-content\/uploads\/2016\/06\/PRAIASENcabichas07.jpg\" rel=\"attachment wp-att-1647\"><img loading=\"lazy\" decoding=\"async\" width=\"902\" height=\"377\" src=\"http:\/\/nataliamartinlago.com\/wp-content\/uploads\/2016\/06\/PRAIASENcabichas07.jpg\" alt=\"PRAIASENcabichas07\" class=\"wp-image-1647\" srcset=\"https:\/\/nataliamartinlago.com\/wp-content\/uploads\/2016\/06\/PRAIASENcabichas07.jpg 902w, https:\/\/nataliamartinlago.com\/wp-content\/uploads\/2016\/06\/PRAIASENcabichas07-300x125.jpg 300w, https:\/\/nataliamartinlago.com\/wp-content\/uploads\/2016\/06\/PRAIASENcabichas07-768x321.jpg 768w\" sizes=\"(max-width: 902px) 100vw, 902px\" \/><\/a><\/figure>\n\n\n\n<figure class=\"wp-block-image alignleft is-style-default\"><a href=\"http:\/\/nataliamartinlago.com\/wp-content\/uploads\/2016\/06\/PRAIASENcabichas05.jpg\" rel=\"attachment wp-att-1645\"><img loading=\"lazy\" decoding=\"async\" width=\"902\" height=\"377\" src=\"http:\/\/nataliamartinlago.com\/wp-content\/uploads\/2016\/06\/PRAIASENcabichas05.jpg\" alt=\"PRAIASENcabichas05\" class=\"wp-image-1645\" srcset=\"https:\/\/nataliamartinlago.com\/wp-content\/uploads\/2016\/06\/PRAIASENcabichas05.jpg 902w, https:\/\/nataliamartinlago.com\/wp-content\/uploads\/2016\/06\/PRAIASENcabichas05-300x125.jpg 300w, https:\/\/nataliamartinlago.com\/wp-content\/uploads\/2016\/06\/PRAIASENcabichas05-768x321.jpg 768w\" sizes=\"(max-width: 902px) 100vw, 902px\" \/><\/a><\/figure>\n\n\n\n<figure class=\"wp-block-image alignleft is-style-default\"><a href=\"http:\/\/nataliamartinlago.com\/wp-content\/uploads\/2016\/07\/PRAIASENcabichas13.jpg\" rel=\"attachment wp-att-1675\"><img loading=\"lazy\" decoding=\"async\" width=\"902\" height=\"377\" src=\"http:\/\/nataliamartinlago.com\/wp-content\/uploads\/2016\/07\/PRAIASENcabichas13.jpg\" alt=\"PRAIASENcabichas13\" class=\"wp-image-1675\" srcset=\"https:\/\/nataliamartinlago.com\/wp-content\/uploads\/2016\/07\/PRAIASENcabichas13.jpg 902w, https:\/\/nataliamartinlago.com\/wp-content\/uploads\/2016\/07\/PRAIASENcabichas13-300x125.jpg 300w, https:\/\/nataliamartinlago.com\/wp-content\/uploads\/2016\/07\/PRAIASENcabichas13-768x321.jpg 768w\" sizes=\"(max-width: 902px) 100vw, 902px\" \/><\/a><\/figure>\n\n\n\n<figure class=\"wp-block-image alignleft is-style-default\"><a href=\"http:\/\/nataliamartinlago.com\/wp-content\/uploads\/2016\/06\/PRAIASENcabichas08.jpg\" rel=\"attachment wp-att-1648\"><img loading=\"lazy\" decoding=\"async\" width=\"902\" height=\"377\" src=\"http:\/\/nataliamartinlago.com\/wp-content\/uploads\/2016\/06\/PRAIASENcabichas08.jpg\" alt=\"PRAIASENcabichas08\" class=\"wp-image-1648\" srcset=\"https:\/\/nataliamartinlago.com\/wp-content\/uploads\/2016\/06\/PRAIASENcabichas08.jpg 902w, https:\/\/nataliamartinlago.com\/wp-content\/uploads\/2016\/06\/PRAIASENcabichas08-300x125.jpg 300w, https:\/\/nataliamartinlago.com\/wp-content\/uploads\/2016\/06\/PRAIASENcabichas08-768x321.jpg 768w\" sizes=\"(max-width: 902px) 100vw, 902px\" \/><\/a><\/figure>\n\n\n\n<figure class=\"wp-block-image alignleft is-style-default\"><a href=\"http:\/\/nataliamartinlago.com\/wp-content\/uploads\/2016\/07\/PRAIASENcabichas18.jpg\" rel=\"attachment wp-att-1676\"><img loading=\"lazy\" decoding=\"async\" width=\"902\" height=\"377\" src=\"http:\/\/nataliamartinlago.com\/wp-content\/uploads\/2016\/07\/PRAIASENcabichas18.jpg\" alt=\"PRAIASENcabichas18\" class=\"wp-image-1676\" srcset=\"https:\/\/nataliamartinlago.com\/wp-content\/uploads\/2016\/07\/PRAIASENcabichas18.jpg 902w, https:\/\/nataliamartinlago.com\/wp-content\/uploads\/2016\/07\/PRAIASENcabichas18-300x125.jpg 300w, https:\/\/nataliamartinlago.com\/wp-content\/uploads\/2016\/07\/PRAIASENcabichas18-768x321.jpg 768w\" sizes=\"(max-width: 902px) 100vw, 902px\" \/><\/a><\/figure>\n\n\n\n<figure class=\"wp-block-image alignleft is-style-default\"><a href=\"http:\/\/nataliamartinlago.com\/wp-content\/uploads\/2016\/07\/PRAIASENcabichas16.jpg\" rel=\"attachment wp-att-1677\"><img loading=\"lazy\" decoding=\"async\" width=\"902\" height=\"377\" src=\"http:\/\/nataliamartinlago.com\/wp-content\/uploads\/2016\/07\/PRAIASENcabichas16.jpg\" alt=\"PRAIASENcabichas16\" class=\"wp-image-1677\" srcset=\"https:\/\/nataliamartinlago.com\/wp-content\/uploads\/2016\/07\/PRAIASENcabichas16.jpg 902w, https:\/\/nataliamartinlago.com\/wp-content\/uploads\/2016\/07\/PRAIASENcabichas16-300x125.jpg 300w, https:\/\/nataliamartinlago.com\/wp-content\/uploads\/2016\/07\/PRAIASENcabichas16-768x321.jpg 768w\" sizes=\"(max-width: 902px) 100vw, 902px\" \/><\/a><\/figure>\n\n\n\n<figure class=\"wp-block-image alignleft is-style-default\"><a href=\"http:\/\/nataliamartinlago.com\/wp-content\/uploads\/2016\/07\/PRAIASENcabichas15.jpg\" rel=\"attachment wp-att-1678\"><img loading=\"lazy\" decoding=\"async\" width=\"902\" height=\"377\" src=\"http:\/\/nataliamartinlago.com\/wp-content\/uploads\/2016\/07\/PRAIASENcabichas15.jpg\" alt=\"PRAIASENcabichas15\" class=\"wp-image-1678\" srcset=\"https:\/\/nataliamartinlago.com\/wp-content\/uploads\/2016\/07\/PRAIASENcabichas15.jpg 902w, https:\/\/nataliamartinlago.com\/wp-content\/uploads\/2016\/07\/PRAIASENcabichas15-300x125.jpg 300w, https:\/\/nataliamartinlago.com\/wp-content\/uploads\/2016\/07\/PRAIASENcabichas15-768x321.jpg 768w\" sizes=\"(max-width: 902px) 100vw, 902px\" \/><\/a><\/figure>\n\n\n\n<figure class=\"wp-block-image alignleft is-style-default\"><a href=\"http:\/\/nataliamartinlago.com\/wp-content\/uploads\/2016\/07\/PRAIASENcabichas23.jpg\" rel=\"attachment wp-att-1679\"><img loading=\"lazy\" decoding=\"async\" width=\"902\" height=\"377\" src=\"http:\/\/nataliamartinlago.com\/wp-content\/uploads\/2016\/07\/PRAIASENcabichas23.jpg\" alt=\"PRAIASENcabichas23\" class=\"wp-image-1679\" srcset=\"https:\/\/nataliamartinlago.com\/wp-content\/uploads\/2016\/07\/PRAIASENcabichas23.jpg 902w, https:\/\/nataliamartinlago.com\/wp-content\/uploads\/2016\/07\/PRAIASENcabichas23-300x125.jpg 300w, https:\/\/nataliamartinlago.com\/wp-content\/uploads\/2016\/07\/PRAIASENcabichas23-768x321.jpg 768w\" sizes=\"(max-width: 902px) 100vw, 902px\" \/><\/a><\/figure>\n\n\n\n<figure class=\"wp-block-image alignleft is-style-default\"><a href=\"http:\/\/nataliamartinlago.com\/wp-content\/uploads\/2016\/07\/PRAIASENcabichas21.jpg\" rel=\"attachment wp-att-1680\"><img loading=\"lazy\" decoding=\"async\" width=\"902\" height=\"377\" src=\"http:\/\/nataliamartinlago.com\/wp-content\/uploads\/2016\/07\/PRAIASENcabichas21.jpg\" alt=\"PRAIASENcabichas21\" class=\"wp-image-1680\" srcset=\"https:\/\/nataliamartinlago.com\/wp-content\/uploads\/2016\/07\/PRAIASENcabichas21.jpg 902w, https:\/\/nataliamartinlago.com\/wp-content\/uploads\/2016\/07\/PRAIASENcabichas21-300x125.jpg 300w, https:\/\/nataliamartinlago.com\/wp-content\/uploads\/2016\/07\/PRAIASENcabichas21-768x321.jpg 768w\" sizes=\"(max-width: 902px) 100vw, 902px\" \/><\/a><\/figure>\n\n\n\n<figure class=\"wp-block-image alignleft is-style-default\"><a href=\"http:\/\/nataliamartinlago.com\/wp-content\/uploads\/2016\/07\/PRAIASENcabichas19.jpg\" rel=\"attachment wp-att-1681\"><img loading=\"lazy\" decoding=\"async\" width=\"902\" height=\"377\" src=\"http:\/\/nataliamartinlago.com\/wp-content\/uploads\/2016\/07\/PRAIASENcabichas19.jpg\" alt=\"PRAIASENcabichas19\" class=\"wp-image-1681\" srcset=\"https:\/\/nataliamartinlago.com\/wp-content\/uploads\/2016\/07\/PRAIASENcabichas19.jpg 902w, https:\/\/nataliamartinlago.com\/wp-content\/uploads\/2016\/07\/PRAIASENcabichas19-300x125.jpg 300w, https:\/\/nataliamartinlago.com\/wp-content\/uploads\/2016\/07\/PRAIASENcabichas19-768x321.jpg 768w\" sizes=\"(max-width: 902px) 100vw, 902px\" \/><\/a><\/figure>\n\n\n\n<figure class=\"wp-block-image alignleft is-style-default\"><a href=\"http:\/\/nataliamartinlago.com\/wp-content\/uploads\/2016\/06\/PRAIASENcabichas10.jpg\" rel=\"attachment wp-att-1649\"><img loading=\"lazy\" decoding=\"async\" width=\"902\" height=\"377\" src=\"http:\/\/nataliamartinlago.com\/wp-content\/uploads\/2016\/06\/PRAIASENcabichas10.jpg\" alt=\"PRAIASENcabichas10\" class=\"wp-image-1649\" srcset=\"https:\/\/nataliamartinlago.com\/wp-content\/uploads\/2016\/06\/PRAIASENcabichas10.jpg 902w, https:\/\/nataliamartinlago.com\/wp-content\/uploads\/2016\/06\/PRAIASENcabichas10-300x125.jpg 300w, https:\/\/nataliamartinlago.com\/wp-content\/uploads\/2016\/06\/PRAIASENcabichas10-768x321.jpg 768w\" sizes=\"(max-width: 902px) 100vw, 902px\" \/><\/a><\/figure>\n","protected":false},"excerpt":{"rendered":"<p>Hoy ha dado comienzo en las Islas C\u00edes un proyecto de concienciaci\u00f3n ambiental del &#8220;Parque Nacional Mar\u00edtimo-Terrestre das Illas Atl\u00e1nticas de Galicia&#8221; organizado por Juan Pablo P\u00e9rez G\u00f3mez. Una iniciativa que nace con un objetivo claro: mantener las playas del parque limpias de colillas.<\/p>\n","protected":false},"author":1,"featured_media":1693,"comment_status":"closed","ping_status":"closed","sticky":false,"template":"","format":"standard","meta":{"_monsterinsights_skip_tracking":false,"_monsterinsights_sitenote_active":false,"_monsterinsights_sitenote_note":"","_monsterinsights_sitenote_category":0,"site-sidebar-layout":"default","site-content-layout":"","ast-site-content-layout":"default","site-content-style":"default","site-sidebar-style":"default","ast-global-header-display":"","ast-banner-title-visibility":"","ast-main-header-display":"","ast-hfb-above-header-display":"","ast-hfb-below-header-display":"","ast-hfb-mobile-header-display":"","site-post-title":"","ast-breadcrumbs-content":"","ast-featured-img":"","footer-sml-layout":"","theme-transparent-header-meta":"","adv-header-id-meta":"","stick-header-meta":"","header-above-stick-meta":"","header-main-stick-meta":"","header-below-stick-meta":"","astra-migrate-meta-layouts":"default","ast-page-background-enabled":"default","ast-page-background-meta":{"desktop":{"background-color":"var(--ast-global-color-4)","background-image":"","background-repeat":"repeat","background-position":"center center","background-size":"auto","background-attachment":"scroll","background-type":"","background-media":"","overlay-type":"","overlay-color":"","overlay-opacity":"","overlay-gradient":""},"tablet":{"background-color":"","background-image":"","background-repeat":"repeat","background-position":"center center","background-size":"auto","background-attachment":"scroll","background-type":"","background-media":"","overlay-type":"","overlay-color":"","overlay-opacity":"","overlay-gradient":""},"mobile":{"background-color":"","background-image":"","background-repeat":"repeat","background-position":"center center","background-size":"auto","background-attachment":"scroll","background-type":"","background-media":"","overlay-type":"","overlay-color":"","overlay-opacity":"","overlay-gradient":""}},"ast-content-background-meta":{"desktop":{"background-color":"var(--ast-global-color-5)","background-image":"","background-repeat":"repeat","background-position":"center center","background-size":"auto","background-attachment":"scroll","background-type":"","background-media":"","overlay-type":"","overlay-color":"","overlay-opacity":"","overlay-gradient":""},"tablet":{"background-color":"var(--ast-global-color-5)","background-image":"","background-repeat":"repeat","background-position":"center center","background-size":"auto","background-attachment":"scroll","background-type":"","background-media":"","overlay-type":"","overlay-color":"","overlay-opacity":"","overlay-gradient":""},"mobile":{"background-color":"var(--ast-global-color-5)","background-image":"","background-repeat":"repeat","background-position":"center center","background-size":"auto","background-attachment":"scroll","background-type":"","background-media":"","overlay-type":"","overlay-color":"","overlay-opacity":"","overlay-gradient":""}},"footnotes":""},"categories":[5,37,7,103,9],"tags":[225,227,223,222,226,224,20,212,213,162],"class_list":["post-1639","post","type-post","status-publish","format-standard","has-post-thumbnail","hentry","category-diseno-grafico","category-imagen-corporativa","category-logotipo","category-packaging","category-redes-sociales","tag-cenicero","tag-cies","tag-colillas","tag-cono","tag-desechable","tag-flyer","tag-logotipo","tag-ons","tag-parque-illas-atlanticas","tag-poster"],"yoast_head":"<!-- This site is optimized with the Yoast SEO plugin v27.1.1 - https:\/\/yoast.com\/product\/yoast-seo-wordpress\/ -->\r\n<title>Playas sin Colillas \u00b7 Praias sen Cabichas &#183; nataliamartinlago<\/title>\r\n<meta name=\"robots\" content=\"index, follow, max-snippet:-1, max-image-preview:large, max-video-preview:-1\" \/>\r\n<link rel=\"canonical\" href=\"https:\/\/nataliamartinlago.com\/index.php\/playas-sin-colillas-praias-sen-cabichas\/\" \/>\r\n<meta property=\"og:locale\" content=\"es_ES\" \/>\r\n<meta property=\"og:type\" content=\"article\" \/>\r\n<meta property=\"og:title\" content=\"Playas sin Colillas \u00b7 Praias sen Cabichas &#183; nataliamartinlago\" \/>\r\n<meta property=\"og:description\" content=\"Hoy ha dado comienzo en las Islas C\u00edes un proyecto de concienciaci\u00f3n ambiental del &quot;Parque Nacional Mar\u00edtimo-Terrestre das Illas Atl\u00e1nticas de Galicia&quot; organizado por Juan Pablo P\u00e9rez G\u00f3mez. Una iniciativa que nace con un objetivo claro: mantener las playas del parque limpias de colillas.\" \/>\r\n<meta property=\"og:url\" content=\"https:\/\/nataliamartinlago.com\/index.php\/playas-sin-colillas-praias-sen-cabichas\/\" \/>\r\n<meta property=\"og:site_name\" content=\"nataliamartinlago\" \/>\r\n<meta property=\"article:published_time\" content=\"2016-07-01T15:24:43+00:00\" \/>\r\n<meta property=\"article:modified_time\" content=\"2024-05-13T13:39:51+00:00\" \/>\r\n<meta property=\"og:image\" content=\"https:\/\/nataliamartinlago.com\/wp-content\/uploads\/2015\/06\/PRAIASENcabichas24.jpg\" \/>\r\n\t<meta property=\"og:image:width\" content=\"902\" \/>\r\n\t<meta property=\"og:image:height\" content=\"377\" \/>\r\n\t<meta property=\"og:image:type\" content=\"image\/jpeg\" \/>\r\n<meta name=\"author\" content=\"namala\" \/>\r\n<meta name=\"twitter:card\" content=\"summary_large_image\" \/>\r\n<meta name=\"twitter:creator\" content=\"@nataliamartinDS\" \/>\r\n<meta name=\"twitter:site\" content=\"@nataliamartinDS\" \/>\r\n<meta name=\"twitter:label1\" content=\"Escrito por\" \/>\n\t<meta name=\"twitter:data1\" content=\"namala\" \/>\n\t<meta name=\"twitter:label2\" content=\"Tiempo de lectura\" \/>\n\t<meta name=\"twitter:data2\" content=\"4 minutos\" \/>\r\n<script type=\"application\/ld+json\" class=\"yoast-schema-graph\">{\"@context\":\"https:\/\/schema.org\",\"@graph\":[{\"@type\":\"Article\",\"@id\":\"https:\/\/nataliamartinlago.com\/index.php\/playas-sin-colillas-praias-sen-cabichas\/#article\",\"isPartOf\":{\"@id\":\"https:\/\/nataliamartinlago.com\/index.php\/playas-sin-colillas-praias-sen-cabichas\/\"},\"author\":{\"name\":\"namala\",\"@id\":\"https:\/\/nataliamartinlago.com\/#\/schema\/person\/212e622602a77f222365e2a120ddfa3f\"},\"headline\":\"Playas sin Colillas \u00b7 Praias sen Cabichas\",\"datePublished\":\"2016-07-01T15:24:43+00:00\",\"dateModified\":\"2024-05-13T13:39:51+00:00\",\"mainEntityOfPage\":{\"@id\":\"https:\/\/nataliamartinlago.com\/index.php\/playas-sin-colillas-praias-sen-cabichas\/\"},\"wordCount\":189,\"publisher\":{\"@id\":\"https:\/\/nataliamartinlago.com\/#\/schema\/person\/212e622602a77f222365e2a120ddfa3f\"},\"image\":{\"@id\":\"https:\/\/nataliamartinlago.com\/index.php\/playas-sin-colillas-praias-sen-cabichas\/#primaryimage\"},\"thumbnailUrl\":\"https:\/\/nataliamartinlago.com\/wp-content\/uploads\/2015\/06\/PRAIASENcabichas24.jpg\",\"keywords\":[\"cenicero\",\"c\u00edes\",\"colillas\",\"cono\",\"desechable\",\"flyer\",\"Logotipo\",\"ons\",\"parque illas atl\u00e1nticas\",\"poster\"],\"articleSection\":[\"Dise\u00f1o Gr\u00e1fico\",\"Imagen Corporativa\",\"Logotipo\",\"Packaging\",\"Redes Sociales\"],\"inLanguage\":\"es\"},{\"@type\":\"WebPage\",\"@id\":\"https:\/\/nataliamartinlago.com\/index.php\/playas-sin-colillas-praias-sen-cabichas\/\",\"url\":\"https:\/\/nataliamartinlago.com\/index.php\/playas-sin-colillas-praias-sen-cabichas\/\",\"name\":\"Playas sin Colillas \u00b7 Praias sen Cabichas &#183; nataliamartinlago\",\"isPartOf\":{\"@id\":\"https:\/\/nataliamartinlago.com\/#website\"},\"primaryImageOfPage\":{\"@id\":\"https:\/\/nataliamartinlago.com\/index.php\/playas-sin-colillas-praias-sen-cabichas\/#primaryimage\"},\"image\":{\"@id\":\"https:\/\/nataliamartinlago.com\/index.php\/playas-sin-colillas-praias-sen-cabichas\/#primaryimage\"},\"thumbnailUrl\":\"https:\/\/nataliamartinlago.com\/wp-content\/uploads\/2015\/06\/PRAIASENcabichas24.jpg\",\"datePublished\":\"2016-07-01T15:24:43+00:00\",\"dateModified\":\"2024-05-13T13:39:51+00:00\",\"breadcrumb\":{\"@id\":\"https:\/\/nataliamartinlago.com\/index.php\/playas-sin-colillas-praias-sen-cabichas\/#breadcrumb\"},\"inLanguage\":\"es\",\"potentialAction\":[{\"@type\":\"ReadAction\",\"target\":[\"https:\/\/nataliamartinlago.com\/index.php\/playas-sin-colillas-praias-sen-cabichas\/\"]}]},{\"@type\":\"ImageObject\",\"inLanguage\":\"es\",\"@id\":\"https:\/\/nataliamartinlago.com\/index.php\/playas-sin-colillas-praias-sen-cabichas\/#primaryimage\",\"url\":\"https:\/\/nataliamartinlago.com\/wp-content\/uploads\/2015\/06\/PRAIASENcabichas24.jpg\",\"contentUrl\":\"https:\/\/nataliamartinlago.com\/wp-content\/uploads\/2015\/06\/PRAIASENcabichas24.jpg\",\"width\":902,\"height\":377},{\"@type\":\"BreadcrumbList\",\"@id\":\"https:\/\/nataliamartinlago.com\/index.php\/playas-sin-colillas-praias-sen-cabichas\/#breadcrumb\",\"itemListElement\":[{\"@type\":\"ListItem\",\"position\":1,\"name\":\"Portada\",\"item\":\"https:\/\/nataliamartinlago.com\/\"},{\"@type\":\"ListItem\",\"position\":2,\"name\":\"Playas sin Colillas \u00b7 Praias sen Cabichas\"}]},{\"@type\":\"WebSite\",\"@id\":\"https:\/\/nataliamartinlago.com\/#website\",\"url\":\"https:\/\/nataliamartinlago.com\/\",\"name\":\"nataliamartinlago\",\"description\":\"Natalia Mart\u00edn Lago es una dise\u00f1adora gr\u00e1fica e ilustradora con mucha ilusi\u00f3n por su trabajo y con ganas de ense\u00f1arlo\",\"publisher\":{\"@id\":\"https:\/\/nataliamartinlago.com\/#\/schema\/person\/212e622602a77f222365e2a120ddfa3f\"},\"potentialAction\":[{\"@type\":\"SearchAction\",\"target\":{\"@type\":\"EntryPoint\",\"urlTemplate\":\"https:\/\/nataliamartinlago.com\/?s={search_term_string}\"},\"query-input\":{\"@type\":\"PropertyValueSpecification\",\"valueRequired\":true,\"valueName\":\"search_term_string\"}}],\"inLanguage\":\"es\"},{\"@type\":[\"Person\",\"Organization\"],\"@id\":\"https:\/\/nataliamartinlago.com\/#\/schema\/person\/212e622602a77f222365e2a120ddfa3f\",\"name\":\"namala\",\"image\":{\"@type\":\"ImageObject\",\"inLanguage\":\"es\",\"@id\":\"https:\/\/nataliamartinlago.com\/#\/schema\/person\/image\/\",\"url\":\"http:\/\/nataliamartinlago.com\/wp-content\/uploads\/2015\/09\/icononat_nat.jpg\",\"contentUrl\":\"http:\/\/nataliamartinlago.com\/wp-content\/uploads\/2015\/09\/icononat_nat.jpg\",\"width\":201,\"height\":201,\"caption\":\"namala\"},\"logo\":{\"@id\":\"https:\/\/nataliamartinlago.com\/#\/schema\/person\/image\/\"},\"description\":\"La creatividad se ha convertido en una necesidad vital para m\u00ed, y mi trabajo me permite saciarla\u2026 Curiosidad, improvisaci\u00f3n, originalidad y el anhelo de que un trabajo funcione, son los engranajes que mueven mi rutina. Actualmente me he sumergido en el universo de los freelance y poder dedicarme a ambitos tan distintos y complementarios como los son el Dise\u00f1o Gr\u00e1fico y Web, la Programaci\u00f3n, el Retoque Fotogr\u00e1fico, la Ilustraci\u00f3n y el Videomontaje, me permiten enriquecer mi formaci\u00f3n cada d\u00eda y crecer como profesional.\",\"sameAs\":[\"http:\/\/nataliamartinlago.com\"]}]}<\/script>\r\n<!-- \/ Yoast SEO plugin. -->","yoast_head_json":{"title":"Playas sin Colillas \u00b7 Praias sen Cabichas &#183; nataliamartinlago","robots":{"index":"index","follow":"follow","max-snippet":"max-snippet:-1","max-image-preview":"max-image-preview:large","max-video-preview":"max-video-preview:-1"},"canonical":"https:\/\/nataliamartinlago.com\/index.php\/playas-sin-colillas-praias-sen-cabichas\/","og_locale":"es_ES","og_type":"article","og_title":"Playas sin Colillas \u00b7 Praias sen Cabichas &#183; nataliamartinlago","og_description":"Hoy ha dado comienzo en las Islas C\u00edes un proyecto de concienciaci\u00f3n ambiental del \"Parque Nacional Mar\u00edtimo-Terrestre das Illas Atl\u00e1nticas de Galicia\" organizado por Juan Pablo P\u00e9rez G\u00f3mez. Una iniciativa que nace con un objetivo claro: mantener las playas del parque limpias de colillas.","og_url":"https:\/\/nataliamartinlago.com\/index.php\/playas-sin-colillas-praias-sen-cabichas\/","og_site_name":"nataliamartinlago","article_published_time":"2016-07-01T15:24:43+00:00","article_modified_time":"2024-05-13T13:39:51+00:00","og_image":[{"width":902,"height":377,"url":"https:\/\/nataliamartinlago.com\/wp-content\/uploads\/2015\/06\/PRAIASENcabichas24.jpg","type":"image\/jpeg"}],"author":"namala","twitter_card":"summary_large_image","twitter_creator":"@nataliamartinDS","twitter_site":"@nataliamartinDS","twitter_misc":{"Escrito por":"namala","Tiempo de lectura":"4 minutos"},"schema":{"@context":"https:\/\/schema.org","@graph":[{"@type":"Article","@id":"https:\/\/nataliamartinlago.com\/index.php\/playas-sin-colillas-praias-sen-cabichas\/#article","isPartOf":{"@id":"https:\/\/nataliamartinlago.com\/index.php\/playas-sin-colillas-praias-sen-cabichas\/"},"author":{"name":"namala","@id":"https:\/\/nataliamartinlago.com\/#\/schema\/person\/212e622602a77f222365e2a120ddfa3f"},"headline":"Playas sin Colillas \u00b7 Praias sen Cabichas","datePublished":"2016-07-01T15:24:43+00:00","dateModified":"2024-05-13T13:39:51+00:00","mainEntityOfPage":{"@id":"https:\/\/nataliamartinlago.com\/index.php\/playas-sin-colillas-praias-sen-cabichas\/"},"wordCount":189,"publisher":{"@id":"https:\/\/nataliamartinlago.com\/#\/schema\/person\/212e622602a77f222365e2a120ddfa3f"},"image":{"@id":"https:\/\/nataliamartinlago.com\/index.php\/playas-sin-colillas-praias-sen-cabichas\/#primaryimage"},"thumbnailUrl":"https:\/\/nataliamartinlago.com\/wp-content\/uploads\/2015\/06\/PRAIASENcabichas24.jpg","keywords":["cenicero","c\u00edes","colillas","cono","desechable","flyer","Logotipo","ons","parque illas atl\u00e1nticas","poster"],"articleSection":["Dise\u00f1o Gr\u00e1fico","Imagen Corporativa","Logotipo","Packaging","Redes Sociales"],"inLanguage":"es"},{"@type":"WebPage","@id":"https:\/\/nataliamartinlago.com\/index.php\/playas-sin-colillas-praias-sen-cabichas\/","url":"https:\/\/nataliamartinlago.com\/index.php\/playas-sin-colillas-praias-sen-cabichas\/","name":"Playas sin Colillas \u00b7 Praias sen Cabichas &#183; nataliamartinlago","isPartOf":{"@id":"https:\/\/nataliamartinlago.com\/#website"},"primaryImageOfPage":{"@id":"https:\/\/nataliamartinlago.com\/index.php\/playas-sin-colillas-praias-sen-cabichas\/#primaryimage"},"image":{"@id":"https:\/\/nataliamartinlago.com\/index.php\/playas-sin-colillas-praias-sen-cabichas\/#primaryimage"},"thumbnailUrl":"https:\/\/nataliamartinlago.com\/wp-content\/uploads\/2015\/06\/PRAIASENcabichas24.jpg","datePublished":"2016-07-01T15:24:43+00:00","dateModified":"2024-05-13T13:39:51+00:00","breadcrumb":{"@id":"https:\/\/nataliamartinlago.com\/index.php\/playas-sin-colillas-praias-sen-cabichas\/#breadcrumb"},"inLanguage":"es","potentialAction":[{"@type":"ReadAction","target":["https:\/\/nataliamartinlago.com\/index.php\/playas-sin-colillas-praias-sen-cabichas\/"]}]},{"@type":"ImageObject","inLanguage":"es","@id":"https:\/\/nataliamartinlago.com\/index.php\/playas-sin-colillas-praias-sen-cabichas\/#primaryimage","url":"https:\/\/nataliamartinlago.com\/wp-content\/uploads\/2015\/06\/PRAIASENcabichas24.jpg","contentUrl":"https:\/\/nataliamartinlago.com\/wp-content\/uploads\/2015\/06\/PRAIASENcabichas24.jpg","width":902,"height":377},{"@type":"BreadcrumbList","@id":"https:\/\/nataliamartinlago.com\/index.php\/playas-sin-colillas-praias-sen-cabichas\/#breadcrumb","itemListElement":[{"@type":"ListItem","position":1,"name":"Portada","item":"https:\/\/nataliamartinlago.com\/"},{"@type":"ListItem","position":2,"name":"Playas sin Colillas \u00b7 Praias sen Cabichas"}]},{"@type":"WebSite","@id":"https:\/\/nataliamartinlago.com\/#website","url":"https:\/\/nataliamartinlago.com\/","name":"nataliamartinlago","description":"Natalia Mart\u00edn Lago es una dise\u00f1adora gr\u00e1fica e ilustradora con mucha ilusi\u00f3n por su trabajo y con ganas de ense\u00f1arlo","publisher":{"@id":"https:\/\/nataliamartinlago.com\/#\/schema\/person\/212e622602a77f222365e2a120ddfa3f"},"potentialAction":[{"@type":"SearchAction","target":{"@type":"EntryPoint","urlTemplate":"https:\/\/nataliamartinlago.com\/?s={search_term_string}"},"query-input":{"@type":"PropertyValueSpecification","valueRequired":true,"valueName":"search_term_string"}}],"inLanguage":"es"},{"@type":["Person","Organization"],"@id":"https:\/\/nataliamartinlago.com\/#\/schema\/person\/212e622602a77f222365e2a120ddfa3f","name":"namala","image":{"@type":"ImageObject","inLanguage":"es","@id":"https:\/\/nataliamartinlago.com\/#\/schema\/person\/image\/","url":"http:\/\/nataliamartinlago.com\/wp-content\/uploads\/2015\/09\/icononat_nat.jpg","contentUrl":"http:\/\/nataliamartinlago.com\/wp-content\/uploads\/2015\/09\/icononat_nat.jpg","width":201,"height":201,"caption":"namala"},"logo":{"@id":"https:\/\/nataliamartinlago.com\/#\/schema\/person\/image\/"},"description":"La creatividad se ha convertido en una necesidad vital para m\u00ed, y mi trabajo me permite saciarla\u2026 Curiosidad, improvisaci\u00f3n, originalidad y el anhelo de que un trabajo funcione, son los engranajes que mueven mi rutina. Actualmente me he sumergido en el universo de los freelance y poder dedicarme a ambitos tan distintos y complementarios como los son el Dise\u00f1o Gr\u00e1fico y Web, la Programaci\u00f3n, el Retoque Fotogr\u00e1fico, la Ilustraci\u00f3n y el Videomontaje, me permiten enriquecer mi formaci\u00f3n cada d\u00eda y crecer como profesional.","sameAs":["http:\/\/nataliamartinlago.com"]}]}},"_links":{"self":[{"href":"https:\/\/nataliamartinlago.com\/index.php\/wp-json\/wp\/v2\/posts\/1639","targetHints":{"allow":["GET"]}}],"collection":[{"href":"https:\/\/nataliamartinlago.com\/index.php\/wp-json\/wp\/v2\/posts"}],"about":[{"href":"https:\/\/nataliamartinlago.com\/index.php\/wp-json\/wp\/v2\/types\/post"}],"author":[{"embeddable":true,"href":"https:\/\/nataliamartinlago.com\/index.php\/wp-json\/wp\/v2\/users\/1"}],"replies":[{"embeddable":true,"href":"https:\/\/nataliamartinlago.com\/index.php\/wp-json\/wp\/v2\/comments?post=1639"}],"version-history":[{"count":19,"href":"https:\/\/nataliamartinlago.com\/index.php\/wp-json\/wp\/v2\/posts\/1639\/revisions"}],"predecessor-version":[{"id":6039,"href":"https:\/\/nataliamartinlago.com\/index.php\/wp-json\/wp\/v2\/posts\/1639\/revisions\/6039"}],"wp:featuredmedia":[{"embeddable":true,"href":"https:\/\/nataliamartinlago.com\/index.php\/wp-json\/wp\/v2\/media\/1693"}],"wp:attachment":[{"href":"https:\/\/nataliamartinlago.com\/index.php\/wp-json\/wp\/v2\/media?parent=1639"}],"wp:term":[{"taxonomy":"category","embeddable":true,"href":"https:\/\/nataliamartinlago.com\/index.php\/wp-json\/wp\/v2\/categories?post=1639"},{"taxonomy":"post_tag","embeddable":true,"href":"https:\/\/nataliamartinlago.com\/index.php\/wp-json\/wp\/v2\/tags?post=1639"}],"curies":[{"name":"wp","href":"https:\/\/api.w.org\/{rel}","templated":true}]}}